{"id":2804,"date":"2026-09-02T22:57:48","date_gmt":"2026-09-02T20:57:48","guid":{"rendered":"https:\/\/www.sv-eintracht-gransee.de\/?p=2804"},"modified":"2026-09-02T22:57:48","modified_gmt":"2026-09-02T20:57:48","slug":"erster-spieltag-fuer-unsere-erste-und-zweite","status":"publish","type":"post","link":"https:\/\/www.sv-eintracht-gransee.de\/?p=2804","title":{"rendered":"Erster Spieltag f\u00fcr unsere Erste und Zweite"},"content":{"rendered":"<p>Der erste Spieltag der neuen Saison ist gespielt und beide Mannschaften mussten heute mit gro\u00dfen Personalsorgen in die Saison starten.<\/p>\n<p>&#x1f525; Erste feiert Derbysieg in Falkenthal<\/p>\n<p>Unsere Erste war heute im Derby bei der Zweiten der F\u00fcchse aus Falkenthal zu Gast. Trotz der schwierigen Personalsituation erwischte unsere Mannschaft einen starken Start und erarbeitete sich fr\u00fch ein Chancenplus. Folgerichtig war es Leon Butschkat, der unsere Farben mit seinen beiden Treffern fr\u00fch mit 0:2 in F\u00fchrung brachte.<\/p>\n<p>Danach verloren wir etwas die Ordnung und mussten zwei Gegentreffer zum Ausgleich hinnehmen. Auch zu Beginn der zweiten Halbzeit ging es zun\u00e4chst weiter hin und her. Doch unsere Mannschaft schlug erneut doppelt zu, diesmal war unser Kapit\u00e4n Wutschick zur Stelle.<\/p>\n<p>Falkenthal konnte zwar erneut ausgleichen, doch unsere Erste spielte weiter mutig Fu\u00dfball und lie\u00df sich nicht aus dem Konzept bringen. Am Ende stand ein verdienter 4:7-Derbysieg! &#x1f4aa;&#x1f525;<\/p>\n<p>\u00dcberragender Mann des Tages war unser Kapit\u00e4n Wutsche, der gleich vier Treffer beisteuerte. Auch Nickollas konnte sich noch in die Torsch\u00fctzenliste eintragen.<\/p>\n<p>Ein Auftakt nach Ma\u00df und vor allem ein starkes Zeichen der Mannschaft, trotz der schwierigen Voraussetzungen weiter Fu\u00dfball zu spielen! &#x2764;&#xfe0f;&#x1f90d;<\/p>\n<p>&#x26bd; Falkenthal II \u2013 SV Eintracht Gransee 4:7<\/p>\n<p>&#x1f4aa; Zweite gegen Kremmen II<\/p>\n<p>Auch unsere Zweite musste heute mit einem absoluten Rumpfkader antreten. Aufgrund einer Veranstaltung in Kremmen war eine Spielverlegung leider nicht m\u00f6glich. So bestand unser Kader zu gro\u00dfen Teilen aus Inaktiven und ehemaligen Fu\u00dfballern.<\/p>\n<p>Der Start war zun\u00e4chst ordentlich, doch zwei relativ unn\u00f6tige Gegentore brachten uns fr\u00fch ins Hintertreffen. In der 33. Minute mussten wir zudem verletzungsbedingt wechseln. Auch weitere Spieler waren bereits w\u00e4hrend der ersten Halbzeit angeschlagen und mussten sich irgendwie \u00fcber die Partie schleppen.<\/p>\n<p>Mit zunehmender Spieldauer ging es daher leider weniger darum, selbst gef\u00e4hrlich zu werden, sondern vielmehr darum, das Ergebnis in Grenzen zu halten. Viele lange B\u00e4lle und kaum eigene Torabschl\u00fcsse waren die Folge. Am Ende stand es 11:0. Weiter gehts M\u00e4nner!<\/p>\n","protected":false},"excerpt":{"rendered":"<p>Der erste Spieltag der neuen Saison ist gespielt und beide Mannschaften mussten heute mit gro\u00dfen Personalsorgen in die Saison starten. &#x1f525; Erste feiert Derbysieg in Falkenthal Unsere Erste war heute im Derby bei der Zweiten der F\u00fcchse aus Falkenthal zu Gast. Trotz der schwierigen Personalsituation erwischte unsere Mannschaft einen starken Start und erarbeitete sich fr\u00fch [&hellip;]<\/p>\n","protected":false},"author":8,"featured_media":0,"comment_status":"closed","ping_status":"closed","sticky":false,"template":"","format":"standard","meta":{"site-sidebar-layout":"default","site-content-layout":"","ast-site-content-layout":"default","site-content-style":"default","site-sidebar-style":"default","ast-global-header-display":"","ast-banner-title-visibility":"","ast-main-header-display":"","ast-hfb-above-header-display":"","ast-hfb-below-header-display":"","ast-hfb-mobile-header-display":"","site-post-title":"","ast-breadcrumbs-content":"","ast-featured-img":"","footer-sml-layout":"","ast-disable-related-posts":"","theme-transparent-header-meta":"default","adv-header-id-meta":"","stick-header-meta":"","header-above-stick-meta":"","header-main-stick-meta":"","header-below-stick-meta":"","astra-migrate-meta-layouts":"set","ast-page-background-enabled":"default","ast-page-background-meta":{"desktop":{"background-color":"var(--ast-global-color-5)","background-image":"","background-repeat":"repeat","background-position":"center center","background-size":"auto","background-attachment":"scroll","background-type":"","background-media":"","overlay-type":"","overlay-color":"","overlay-opacity":"","overlay-gradient":""},"tablet":{"background-color":"","background-image":"","background-repeat":"repeat","background-position":"center center","background-size":"auto","background-attachment":"scroll","background-type":"","background-media":"","overlay-type":"","overlay-color":"","overlay-opacity":"","overlay-gradient":""},"mobile":{"background-color":"","background-image":"","background-repeat":"repeat","background-position":"center center","background-size":"auto","background-attachment":"scroll","background-type":"","background-media":"","overlay-type":"","overlay-color":"","overlay-opacity":"","overlay-gradient":""}},"ast-content-background-meta":{"desktop":{"background-color":"var(--ast-global-color-4)","background-image":"","background-repeat":"repeat","background-position":"center center","background-size":"auto","background-attachment":"scroll","background-type":"","background-media":"","overlay-type":"","overlay-color":"","overlay-opacity":"","overlay-gradient":""},"tablet":{"background-color":"var(--ast-global-color-4)","background-image":"","background-repeat":"repeat","background-position":"center center","background-size":"auto","background-attachment":"scroll","background-type":"","background-media":"","overlay-type":"","overlay-color":"","overlay-opacity":"","overlay-gradient":""},"mobile":{"background-color":"var(--ast-global-color-4)","background-image":"","background-repeat":"repeat","background-position":"center center","background-size":"auto","background-attachment":"scroll","background-type":"","background-media":"","overlay-type":"","overlay-color":"","overlay-opacity":"","overlay-gradient":""}},"footnotes":""},"categories":[1],"tags":[],"class_list":["post-2804","post","type-post","status-publish","format-standard","hentry","category-aktuelles"],"_links":{"self":[{"href":"https:\/\/www.sv-eintracht-gransee.de\/index.php?rest_route=\/wp\/v2\/posts\/2804","targetHints":{"allow":["GET"]}}],"collection":[{"href":"https:\/\/www.sv-eintracht-gransee.de\/index.php?rest_route=\/wp\/v2\/posts"}],"about":[{"href":"https:\/\/www.sv-eintracht-gransee.de\/index.php?rest_route=\/wp\/v2\/types\/post"}],"author":[{"embeddable":true,"href":"https:\/\/www.sv-eintracht-gransee.de\/index.php?rest_route=\/wp\/v2\/users\/8"}],"replies":[{"embeddable":true,"href":"https:\/\/www.sv-eintracht-gransee.de\/index.php?rest_route=%2Fwp%2Fv2%2Fcomments&post=2804"}],"version-history":[{"count":1,"href":"https:\/\/www.sv-eintracht-gransee.de\/index.php?rest_route=\/wp\/v2\/posts\/2804\/revisions"}],"predecessor-version":[{"id":2805,"href":"https:\/\/www.sv-eintracht-gransee.de\/index.php?rest_route=\/wp\/v2\/posts\/2804\/revisions\/2805"}],"wp:attachment":[{"href":"https:\/\/www.sv-eintracht-gransee.de\/index.php?rest_route=%2Fwp%2Fv2%2Fmedia&parent=2804"}],"wp:term":[{"taxonomy":"category","embeddable":true,"href":"https:\/\/www.sv-eintracht-gransee.de\/index.php?rest_route=%2Fwp%2Fv2%2Fcategories&post=2804"},{"taxonomy":"post_tag","embeddable":true,"href":"https:\/\/www.sv-eintracht-gransee.de\/index.php?rest_route=%2Fwp%2Fv2%2Ftags&post=2804"}],"curies":[{"name":"wp","href":"https:\/\/api.w.org\/{rel}","templated":true}]}}